{"id":81,"date":"2015-03-07T15:58:47","date_gmt":"2015-03-07T14:58:47","guid":{"rendered":"http:\/\/frillesasfiber.se\/cms2\/?p=81"},"modified":"2015-03-21T12:10:40","modified_gmt":"2015-03-21T11:10:40","slug":"arsmote-25-mars-i-stuv","status":"publish","type":"post","link":"https:\/\/frillesasfiber.se\/cms2\/2015\/03\/arsmote-25-mars-i-stuv\/","title":{"rendered":"\u00c5rsm\u00f6te 25 mars i Stuv"},"content":{"rendered":"<p>Det \u00e4r dags f\u00f6r \u00e5rsm\u00f6te igen.. Vi syns som vanligt i Stuvs bygdeg\u00e5rd, denna g\u00e5ngen onsdag den 25 mars. M\u00f6tet b\u00f6rjar 19:00, men vi kommer vara p\u00e5 plats fr\u00e5n 18:00. Vi bjuder som vanligt p\u00e5 kaffe med bullar fr\u00e5n G\u00e5rdsbageriet i Idala.<\/p>\n<p>Dokument till \u00e5rsm\u00f6tet:<\/p>\n<ul>\n<li><a href=\"http:\/\/frillesasfiber.se\/cms2\/wp-content\/uploads\/2015\/03\/2015-03kallelse.pdf\">Kallelse<\/a><\/li>\n<li><a href=\"http:\/\/frillesasfiber.se\/cms2\/wp-content\/uploads\/2015\/03\/2015-03valberedning.pdf\">Valberedningens f\u00f6rslag till styrelse samt revisorer<\/a><\/li>\n<li><a title=\"\u00c5rsredovisning\" href=\"http:\/\/frillesasfiber.se\/cms2\/wp-content\/uploads\/2015\/03\/arsredovisning.pdf\">\u00c5rsredovisning<\/a><\/li>\n<li><a title=\"Verksamhetsber\u00e4ttelse\" href=\"http:\/\/frillesasfiber.se\/cms2\/wp-content\/uploads\/2015\/03\/verksamhetsberattelse.pdf\">Verksamhetsber\u00e4ttelse<\/a><\/li>\n<\/ul>\n<p>Viktiga punkter att behandla p\u00e5 \u00e5rsm\u00f6tet detta \u00e5ret \u00e4r:<\/p>\n<ul>\n<li>Stadge\u00e4ndring (bekr\u00e4ftad \u00e4ndring av beslut taget f\u00f6rra \u00e5ret ang. kallelse till \u00e5rsm\u00f6tet)<\/li>\n<\/ul>\n<p>Styrelsen hoppas\u00a0p\u00e5 en trevlig kv\u00e4ll d\u00e4r vi f\u00e5r tr\u00e4ffa er alla.<\/p>\n","protected":false},"excerpt":{"rendered":"<p>Det \u00e4r dags f\u00f6r \u00e5rsm\u00f6te igen.. Vi syns som vanligt i Stuvs bygdeg\u00e5rd, denna g\u00e5ngen onsdag den 25 mars. M\u00f6tet b\u00f6rjar 19:00, men vi kommer vara p\u00e5 plats fr\u00e5n 18:00. Vi bjuder som vanligt p\u00e5 kaffe med bullar fr\u00e5n G\u00e5rdsbageriet i Idala. Dokument till \u00e5rsm\u00f6tet: Kallelse Valberedningens f\u00f6rslag till styrelse samt revisorer \u00c5rsredovisning Verksamhetsber\u00e4ttelse Viktiga &hellip; <a href=\"https:\/\/frillesasfiber.se\/cms2\/2015\/03\/arsmote-25-mars-i-stuv\/\" class=\"more-link\">Forts\u00e4tt l\u00e4sa <span class=\"screen-reader-text\">\u00c5rsm\u00f6te 25 mars i Stuv<\/span> <span class=\"meta-nav\">&rarr;<\/span><\/a><\/p>\n","protected":false},"author":1,"featured_media":0,"comment_status":"closed","ping_status":"closed","sticky":false,"template":"","format":"standard","meta":{"footnotes":""},"categories":[3],"tags":[],"class_list":["post-81","post","type-post","status-publish","format-standard","hentry","category-medlemsinformation"],"_links":{"self":[{"href":"https:\/\/frillesasfiber.se\/cms2\/wp-json\/wp\/v2\/posts\/81","targetHints":{"allow":["GET"]}}],"collection":[{"href":"https:\/\/frillesasfiber.se\/cms2\/wp-json\/wp\/v2\/posts"}],"about":[{"href":"https:\/\/frillesasfiber.se\/cms2\/wp-json\/wp\/v2\/types\/post"}],"author":[{"embeddable":true,"href":"https:\/\/frillesasfiber.se\/cms2\/wp-json\/wp\/v2\/users\/1"}],"replies":[{"embeddable":true,"href":"https:\/\/frillesasfiber.se\/cms2\/wp-json\/wp\/v2\/comments?post=81"}],"version-history":[{"count":3,"href":"https:\/\/frillesasfiber.se\/cms2\/wp-json\/wp\/v2\/posts\/81\/revisions"}],"predecessor-version":[{"id":88,"href":"https:\/\/frillesasfiber.se\/cms2\/wp-json\/wp\/v2\/posts\/81\/revisions\/88"}],"wp:attachment":[{"href":"https:\/\/frillesasfiber.se\/cms2\/wp-json\/wp\/v2\/media?parent=81"}],"wp:term":[{"taxonomy":"category","embeddable":true,"href":"https:\/\/frillesasfiber.se\/cms2\/wp-json\/wp\/v2\/categories?post=81"},{"taxonomy":"post_tag","embeddable":true,"href":"https:\/\/frillesasfiber.se\/cms2\/wp-json\/wp\/v2\/tags?post=81"}],"curies":[{"name":"wp","href":"https:\/\/api.w.org\/{rel}","templated":true}]}}