{"id":688,"date":"2026-02-19T19:56:07","date_gmt":"2026-02-19T18:56:07","guid":{"rendered":"https:\/\/frillesasfiber.se\/cms2\/?p=688"},"modified":"2026-03-10T20:21:07","modified_gmt":"2026-03-10T19:21:07","slug":"valkommen-till-arsmote-i-stuvs-bygdegard-den-7-april-2026-kl-19-00","status":"publish","type":"post","link":"https:\/\/frillesasfiber.se\/cms2\/2026\/02\/valkommen-till-arsmote-i-stuvs-bygdegard-den-7-april-2026-kl-19-00\/","title":{"rendered":"V\u00e4lkommen till \u00e5rsm\u00f6te i Stuvs bygdeg\u00e5rd den 7 April 2026 Kl 18.30"},"content":{"rendered":"\n<p>Kallelse kommer.<\/p>\n\n\n\n<p>V\u00e4l m\u00f6tt \/Styrelsen<\/p>\n","protected":false},"excerpt":{"rendered":"<p>Kallelse kommer. V\u00e4l m\u00f6tt \/Styrelsen<\/p>\n","protected":false},"author":4,"featured_media":0,"comment_status":"closed","ping_status":"open","sticky":false,"template":"","format":"standard","meta":{"footnotes":""},"categories":[3],"tags":[],"class_list":["post-688","post","type-post","status-publish","format-standard","hentry","category-medlemsinformation"],"_links":{"self":[{"href":"https:\/\/frillesasfiber.se\/cms2\/wp-json\/wp\/v2\/posts\/688","targetHints":{"allow":["GET"]}}],"collection":[{"href":"https:\/\/frillesasfiber.se\/cms2\/wp-json\/wp\/v2\/posts"}],"about":[{"href":"https:\/\/frillesasfiber.se\/cms2\/wp-json\/wp\/v2\/types\/post"}],"author":[{"embeddable":true,"href":"https:\/\/frillesasfiber.se\/cms2\/wp-json\/wp\/v2\/users\/4"}],"replies":[{"embeddable":true,"href":"https:\/\/frillesasfiber.se\/cms2\/wp-json\/wp\/v2\/comments?post=688"}],"version-history":[{"count":2,"href":"https:\/\/frillesasfiber.se\/cms2\/wp-json\/wp\/v2\/posts\/688\/revisions"}],"predecessor-version":[{"id":705,"href":"https:\/\/frillesasfiber.se\/cms2\/wp-json\/wp\/v2\/posts\/688\/revisions\/705"}],"wp:attachment":[{"href":"https:\/\/frillesasfiber.se\/cms2\/wp-json\/wp\/v2\/media?parent=688"}],"wp:term":[{"taxonomy":"category","embeddable":true,"href":"https:\/\/frillesasfiber.se\/cms2\/wp-json\/wp\/v2\/categories?post=688"},{"taxonomy":"post_tag","embeddable":true,"href":"https:\/\/frillesasfiber.se\/cms2\/wp-json\/wp\/v2\/tags?post=688"}],"curies":[{"name":"wp","href":"https:\/\/api.w.org\/{rel}","templated":true}]}}