{"id":633,"date":"2025-03-13T19:37:58","date_gmt":"2025-03-13T18:37:58","guid":{"rendered":"https:\/\/frillesasfiber.se\/cms2\/?p=633"},"modified":"2025-04-02T18:04:35","modified_gmt":"2025-04-02T16:04:35","slug":"valkomna-till-arsmote-torsdag-den-3-april-2025-kl-19-00-i-stuvs-bygdegard","status":"publish","type":"post","link":"https:\/\/frillesasfiber.se\/cms2\/2025\/03\/valkomna-till-arsmote-torsdag-den-3-april-2025-kl-19-00-i-stuvs-bygdegard\/","title":{"rendered":"V\u00e4lkomna till \u00e5rsm\u00f6te Torsdag den 3 April  2025 Kl. 19.00 i stuvs bygdeg\u00e5rd."},"content":{"rendered":"\n<p>Vi \u00f6nskar f\u00f6ranm\u00e4lan till styrelse@frillesasfiber.se f\u00f6r att planera fika.<\/p>\n\n\n\n<p><a href=\"https:\/\/frillesasfiber.se\/cms2\/wp-content\/uploads\/2025\/03\/Kallelse-arsmote-FOF.pdf\" data-type=\"link\" data-id=\"https:\/\/frillesasfiber.se\/cms2\/wp-content\/uploads\/2025\/03\/Kallelse-arsmote-FOF.pdf\">Kallelse<\/a><\/p>\n\n\n\n<p><a href=\"https:\/\/frillesasfiber.se\/cms2\/wp-content\/uploads\/2025\/03\/Verksamhetsberattelse-2024.pdf\" data-type=\"link\" data-id=\"https:\/\/frillesasfiber.se\/cms2\/wp-content\/uploads\/2025\/03\/Verksamhetsberattelse-2024.pdf\">Verksamhetsber\u00e4ttelse<\/a><\/p>\n\n\n\n<p><a href=\"https:\/\/frillesasfiber.se\/cms2\/wp-content\/uploads\/2025\/03\/Verksamhetsplan-2025-2026.pdf\" data-type=\"link\" data-id=\"https:\/\/frillesasfiber.se\/cms2\/wp-content\/uploads\/2025\/03\/Verksamhetsplan-2025-2026.pdf\">Verksamhetsplan<\/a><\/p>\n\n\n\n<p><a href=\"https:\/\/frillesasfiber.se\/cms2\/wp-content\/uploads\/2025\/03\/arvfiber.pdf\" data-type=\"attachment\" data-id=\"635\">\u00c5rsredovisning<\/a><\/p>\n\n\n\n<p>\u00d6vrigt:<\/p>\n\n\n\n<p>F\u00f6reningen har 2 st elverk som i stort sett inte anv\u00e4nds idag och har knappt anv\u00e4nts p\u00e5 dom 10 \u00e5r som vi har haft det.<\/p>\n\n\n\n<p>1 av dessa elverk kommer att auktioneras ut p\u00e5 m\u00f6tet till h\u00f6gstbjudande medlem. <\/p>\n\n\n\n<p><a href=\"https:\/\/frillesasfiber.se\/cms2\/wp-content\/uploads\/2024\/04\/elverk2.png\" data-type=\"link\" data-id=\"https:\/\/frillesasfiber.se\/cms2\/wp-content\/uploads\/2024\/04\/elverk2.png\">Elverk bild 1<\/a><\/p>\n\n\n\n<p><a href=\"https:\/\/frillesasfiber.se\/cms2\/wp-content\/uploads\/2024\/04\/elverk1.png\" data-type=\"link\" data-id=\"https:\/\/frillesasfiber.se\/cms2\/wp-content\/uploads\/2024\/04\/elverk1.png\">Elverk bild 2<\/a><\/p>\n\n\n\n<p><\/p>\n\n\n\n<p>V\u00e4l m\u00f6tt\/ Styrelsen<\/p>\n","protected":false},"excerpt":{"rendered":"<p>Vi \u00f6nskar f\u00f6ranm\u00e4lan till styrelse@frillesasfiber.se f\u00f6r att planera fika. Kallelse Verksamhetsber\u00e4ttelse Verksamhetsplan \u00c5rsredovisning \u00d6vrigt: F\u00f6reningen har 2 st elverk som i stort sett inte anv\u00e4nds idag och har knappt anv\u00e4nts p\u00e5 dom 10 \u00e5r som vi har haft det. 1 av dessa elverk kommer att auktioneras ut p\u00e5 m\u00f6tet till h\u00f6gstbjudande medlem. Elverk bild 1 &hellip; <a href=\"https:\/\/frillesasfiber.se\/cms2\/2025\/03\/valkomna-till-arsmote-torsdag-den-3-april-2025-kl-19-00-i-stuvs-bygdegard\/\" class=\"more-link\">Forts\u00e4tt l\u00e4sa <span class=\"screen-reader-text\">V\u00e4lkomna till \u00e5rsm\u00f6te Torsdag den 3 April  2025 Kl. 19.00 i stuvs bygdeg\u00e5rd.<\/span> <span class=\"meta-nav\">&rarr;<\/span><\/a><\/p>\n","protected":false},"author":4,"featured_media":0,"comment_status":"closed","ping_status":"open","sticky":false,"template":"","format":"standard","meta":{"footnotes":""},"categories":[3],"tags":[],"class_list":["post-633","post","type-post","status-publish","format-standard","hentry","category-medlemsinformation"],"_links":{"self":[{"href":"https:\/\/frillesasfiber.se\/cms2\/wp-json\/wp\/v2\/posts\/633","targetHints":{"allow":["GET"]}}],"collection":[{"href":"https:\/\/frillesasfiber.se\/cms2\/wp-json\/wp\/v2\/posts"}],"about":[{"href":"https:\/\/frillesasfiber.se\/cms2\/wp-json\/wp\/v2\/types\/post"}],"author":[{"embeddable":true,"href":"https:\/\/frillesasfiber.se\/cms2\/wp-json\/wp\/v2\/users\/4"}],"replies":[{"embeddable":true,"href":"https:\/\/frillesasfiber.se\/cms2\/wp-json\/wp\/v2\/comments?post=633"}],"version-history":[{"count":7,"href":"https:\/\/frillesasfiber.se\/cms2\/wp-json\/wp\/v2\/posts\/633\/revisions"}],"predecessor-version":[{"id":647,"href":"https:\/\/frillesasfiber.se\/cms2\/wp-json\/wp\/v2\/posts\/633\/revisions\/647"}],"wp:attachment":[{"href":"https:\/\/frillesasfiber.se\/cms2\/wp-json\/wp\/v2\/media?parent=633"}],"wp:term":[{"taxonomy":"category","embeddable":true,"href":"https:\/\/frillesasfiber.se\/cms2\/wp-json\/wp\/v2\/categories?post=633"},{"taxonomy":"post_tag","embeddable":true,"href":"https:\/\/frillesasfiber.se\/cms2\/wp-json\/wp\/v2\/tags?post=633"}],"curies":[{"name":"wp","href":"https:\/\/api.w.org\/{rel}","templated":true}]}}