{"id":505,"date":"2022-09-30T12:07:29","date_gmt":"2022-09-30T10:07:29","guid":{"rendered":"https:\/\/frillesasfiber.se\/cms2\/?p=505"},"modified":"2022-09-30T12:07:29","modified_gmt":"2022-09-30T10:07:29","slug":"forlora-tv-kanaler-i-utbudet","status":"publish","type":"post","link":"https:\/\/frillesasfiber.se\/cms2\/2022\/09\/forlora-tv-kanaler-i-utbudet\/","title":{"rendered":"F\u00f6rlora TV-kanaler i utbudet"},"content":{"rendered":"\n<p>Med anledning av fr\u00e5gor fr\u00e5n medlemmar redovisas h\u00e4r den informationen styrelsen har och styrelsens syn p\u00e5 kanalutbud p\u00e5 Telia&#8221;<\/p>\n\n\n\n<p>Telia Lagom paket i v\u00e5rt avtal \u00e4r inte nu och heller inte i nytt avtal specificerat. Det finns inga garantier kring vilka kanaler som ska ing\u00e5 i detta paket.&nbsp;<\/p>\n\n\n\n<p>Det \u00e4r inte bara kanalutbudet utan \u00e4ven de r\u00e4ttigheter varje operat\u00f6r har som p\u00e5verkar b\u00e5de antalet kanaler och inneh\u00e5llet i kanalerna. Styrelsens uppfattning \u00e4r att vi i v\u00e5rt avtal inte kan skriva in gantier eller&nbsp; r\u00e4ttigheter att s\u00e4ga upp avtalet om inneh\u00e5llet skulle f\u00f6r\u00e4ndras. Anledningen \u00e4r huvudsakligen att priset skulle g\u00e5 upp.<\/p>\n\n\n\n<p>Telia har p\u00e5 fr\u00e5ga denna g\u00e5ng sagt att f\u00f6rhandlingar p\u00e5g\u00e5r och eventuella ers\u00e4ttningskanaler inte \u00e4r fastst\u00e4llda.<\/p>\n\n\n\n<p>Detta har fungerat f\u00f6rut, med positiva synpunkter och negativa synpunkter, utifr\u00e5n vilka intressen man har och d\u00e5 hur v\u00e4l ens personliga intressen sammanfaller med de &#8221;nya&#8221; kanalerna. Dessa f\u00f6r\u00e4ndringar kommer vi att leva med oavsett vilken operat\u00f6r vi v\u00e4ljer. D\u00e4rf\u00f6r \u00e4r styrelsens uppfattning att detta som p\u00e5g\u00e5r nu inte p\u00e5verkar avtalets inneh\u00e5ll, samt att vi och alla andra som tittar p\u00e5 TV kommer att leva med dessa fr\u00e5gor i framtiden.<\/p>\n\n\n\n<p>F\u00f6r\u00e4ndringar kommuniceras av Telia. Styrelsen f\u00e5r ingen annan information \u00e4n den som \u00e4r tillg\u00e4nglig via media eller Telias hemsida.<\/p>\n","protected":false},"excerpt":{"rendered":"<p>Med anledning av fr\u00e5gor fr\u00e5n medlemmar redovisas h\u00e4r den informationen styrelsen har och styrelsens syn p\u00e5 kanalutbud p\u00e5 Telia&#8221; Telia Lagom paket i v\u00e5rt avtal \u00e4r inte nu och heller inte i nytt avtal specificerat. Det finns inga garantier kring vilka kanaler som ska ing\u00e5 i detta paket.&nbsp; Det \u00e4r inte bara kanalutbudet utan \u00e4ven &hellip; <a href=\"https:\/\/frillesasfiber.se\/cms2\/2022\/09\/forlora-tv-kanaler-i-utbudet\/\" class=\"more-link\">Forts\u00e4tt l\u00e4sa <span class=\"screen-reader-text\">F\u00f6rlora TV-kanaler i utbudet<\/span> <span class=\"meta-nav\">&rarr;<\/span><\/a><\/p>\n","protected":false},"author":4,"featured_media":0,"comment_status":"closed","ping_status":"open","sticky":false,"template":"","format":"standard","meta":{"footnotes":""},"categories":[3],"tags":[],"class_list":["post-505","post","type-post","status-publish","format-standard","hentry","category-medlemsinformation"],"_links":{"self":[{"href":"https:\/\/frillesasfiber.se\/cms2\/wp-json\/wp\/v2\/posts\/505","targetHints":{"allow":["GET"]}}],"collection":[{"href":"https:\/\/frillesasfiber.se\/cms2\/wp-json\/wp\/v2\/posts"}],"about":[{"href":"https:\/\/frillesasfiber.se\/cms2\/wp-json\/wp\/v2\/types\/post"}],"author":[{"embeddable":true,"href":"https:\/\/frillesasfiber.se\/cms2\/wp-json\/wp\/v2\/users\/4"}],"replies":[{"embeddable":true,"href":"https:\/\/frillesasfiber.se\/cms2\/wp-json\/wp\/v2\/comments?post=505"}],"version-history":[{"count":1,"href":"https:\/\/frillesasfiber.se\/cms2\/wp-json\/wp\/v2\/posts\/505\/revisions"}],"predecessor-version":[{"id":506,"href":"https:\/\/frillesasfiber.se\/cms2\/wp-json\/wp\/v2\/posts\/505\/revisions\/506"}],"wp:attachment":[{"href":"https:\/\/frillesasfiber.se\/cms2\/wp-json\/wp\/v2\/media?parent=505"}],"wp:term":[{"taxonomy":"category","embeddable":true,"href":"https:\/\/frillesasfiber.se\/cms2\/wp-json\/wp\/v2\/categories?post=505"},{"taxonomy":"post_tag","embeddable":true,"href":"https:\/\/frillesasfiber.se\/cms2\/wp-json\/wp\/v2\/tags?post=505"}],"curies":[{"name":"wp","href":"https:\/\/api.w.org\/{rel}","templated":true}]}}