{"id":338,"date":"2020-05-24T17:54:41","date_gmt":"2020-05-24T15:54:41","guid":{"rendered":"http:\/\/frillesasfiber.se\/cms2\/?p=338"},"modified":"2020-05-28T19:57:20","modified_gmt":"2020-05-28T17:57:20","slug":"arsmote-17-juni-2020","status":"publish","type":"post","link":"https:\/\/frillesasfiber.se\/cms2\/2020\/05\/arsmote-17-juni-2020\/","title":{"rendered":"\u00c5rsm\u00f6te 17 juni 2020"},"content":{"rendered":"\n<p>\u00c5rsm\u00f6te m\u00e5ste vi h\u00e5lla, trots pandemi och andra restriktioner &#8211; det \u00e4r mycket viktigt i en demokratiskt f\u00f6rening. Styrelsen har de senaste tv\u00e5 m\u00e5naderna jobbat p\u00e5 att se till att vi skall kunna h\u00e5lla m\u00f6tet p\u00e5 ett s\u00e4kert s\u00e4tt &#8211; b\u00e5de sett till medlemmarnas h\u00e4lsa samt till f\u00f6reningens demokrati.<\/p>\n\n\n\n<p>Vi skall h\u00e5lla m\u00f6tet p\u00e5 plats i Sj\u00f6g\u00e4rde golfklubb, men max 35 bes\u00f6kande (f\u00f6ranm\u00e4lan kr\u00e4vs &#8211; f\u00f6rst till kvarn). Detta f\u00f6r att inte \u00f6verstiga maxantalet p\u00e5 50 personer (platser redan reserverade f\u00f6r styrelse\/revisorer\/valberedning, etc). Om man inte kan delta p\u00e5 det fysiska m\u00f6tet kan man dock ta del av m\u00f6tet via en webbs\u00e4ndning p\u00e5 <a href=\"https:\/\/twitch.tv\/frillesasfiber\">https:\/\/twitch.tv\/frillesasfiber<\/a>. Det g\u00e5r dock inte att r\u00f6sta via webbs\u00e4ndningen eftersom vi inte kan s\u00e4kerst\u00e4lla vem som r\u00f6star. <\/p>\n\n\n\n<p>Det finns dock m\u00f6jlighet att delta i diskussionen via webben och om m\u00f6tet finner att det uppst\u00e5r fr\u00e5getecken kring vissa fr\u00e5gor kan m\u00f6tet besluta att bordl\u00e4gga fr\u00e5gan till ett senare m\u00f6te.<\/p>\n\n\n\n<p>Det finns m\u00f6jlighet att f\u00f6rhandsr\u00f6sta via ett f\u00f6rberett formul\u00e4r, vilket styrelsen g\u00e4rna ser att s\u00e5 m\u00e5nga som m\u00f6jligt g\u00f6r. Se till att anv\u00e4nda er r\u00f6st f\u00f6r att f\u00e5 en starkare f\u00f6rening. Formul\u00e4ret finns tillg\u00e4ngligt <a href=\"http:\/\/frillesasfiber.se\/cms2\/wp-content\/uploads\/2020\/05\/2020-postrostning.pdf\">h\u00e4r p\u00e5 hemsidan<\/a>.<\/p>\n\n\n\n<p>Enligt den nya lagen (2020:198) skall medlemmar kunna beg\u00e4ra upplysningar innan m\u00f6tet &#8211; fr\u00e5gor som normalt sett hade st\u00e4llts p\u00e5 st\u00e4mman. Dessa skall l\u00e4mnas skriftligen till styrelsen senast 10 dagar f\u00f6re st\u00e4mman (7 juni), och svar skall publiceras av styrelsen h\u00e4r p\u00e5 hemsidan senast 5 dagar f\u00f6re st\u00e4mman (12 juni).  Ett formul\u00e4r f\u00f6r detta finns tillg\u00e4ngligt <a href=\"http:\/\/frillesasfiber.se\/cms2\/wp-content\/uploads\/2020\/05\/2020-begaran-om-mer-upplysningar.pdf\">h\u00e4r p\u00e5 hemsidan<\/a>.<\/p>\n\n\n\n<p>Bordl\u00e4ggning av ett \u00e4rende kan \u00e4ven ske om medlemmarna tycker att det finns brister i redovisningen eller i andra beslutsunderlag. <\/p>\n\n\n\n<p>Fullst\u00e4ndig kallelse, samt f\u00f6rberedda handlingar och underlag finns nedan:<\/p>\n\n\n\n<ul class=\"wp-block-list\"><li><a href=\"http:\/\/frillesasfiber.se\/cms2\/wp-content\/uploads\/2020\/05\/2020-kallelse-no2.pdf\">Kallelse<\/a> (R\u00e4ttad till den nya kallelsen 2020-05-28)<\/li><li><a href=\"http:\/\/frillesasfiber.se\/cms2\/wp-content\/uploads\/2020\/05\/2020-dagordning.pdf\">Dagordning<\/a><\/li><li><a href=\"http:\/\/frillesasfiber.se\/cms2\/wp-content\/uploads\/2020\/03\/2020-verksamhetsberattelse.pdf\">Verksamhetsber\u00e4ttelse<\/a><\/li><li><a href=\"http:\/\/frillesasfiber.se\/cms2\/wp-content\/uploads\/2020\/03\/2020-arsredovisning.pdf\">\u00c5rsredovisning<\/a><\/li><li><a href=\"http:\/\/frillesasfiber.se\/cms2\/wp-content\/uploads\/2020\/03\/2020-revisionsberattelse.pdf\">Revisionsber\u00e4ttelse<\/a><\/li><li><a href=\"http:\/\/frillesasfiber.se\/cms2\/wp-content\/uploads\/2020\/05\/2020-driftbudget-2.pdf\">Driftbudget<\/a><\/li><li><a href=\"http:\/\/frillesasfiber.se\/cms2\/wp-content\/uploads\/2020\/03\/2020-verksamhetsplan.pdf\">Verksamhetsplan<\/a><\/li><li><a href=\"http:\/\/frillesasfiber.se\/cms2\/wp-content\/uploads\/2020\/03\/2020-stadgeforandring.pdf\">F\u00f6rslag till stadgef\u00f6r\u00e4ndring<\/a><\/li><li><a href=\"http:\/\/frillesasfiber.se\/cms2\/wp-content\/uploads\/2020\/05\/2020-valberedning-forslag.pdf\">Valberedningens f\u00f6rslag inf\u00f6r n\u00e4sta \u00e5r<\/a><\/li><\/ul>\n\n\n\n<p><\/p>\n","protected":false},"excerpt":{"rendered":"<p>\u00c5rsm\u00f6te m\u00e5ste vi h\u00e5lla, trots pandemi och andra restriktioner &#8211; det \u00e4r mycket viktigt i en demokratiskt f\u00f6rening. Styrelsen har de senaste tv\u00e5 m\u00e5naderna jobbat p\u00e5 att se till att vi skall kunna h\u00e5lla m\u00f6tet p\u00e5 ett s\u00e4kert s\u00e4tt &#8211; b\u00e5de sett till medlemmarnas h\u00e4lsa samt till f\u00f6reningens demokrati. Vi skall h\u00e5lla m\u00f6tet p\u00e5 plats &hellip; <a href=\"https:\/\/frillesasfiber.se\/cms2\/2020\/05\/arsmote-17-juni-2020\/\" class=\"more-link\">Forts\u00e4tt l\u00e4sa <span class=\"screen-reader-text\">\u00c5rsm\u00f6te 17 juni 2020<\/span> <span class=\"meta-nav\">&rarr;<\/span><\/a><\/p>\n","protected":false},"author":1,"featured_media":0,"comment_status":"closed","ping_status":"open","sticky":false,"template":"","format":"standard","meta":{"footnotes":""},"categories":[3],"tags":[],"class_list":["post-338","post","type-post","status-publish","format-standard","hentry","category-medlemsinformation"],"_links":{"self":[{"href":"https:\/\/frillesasfiber.se\/cms2\/wp-json\/wp\/v2\/posts\/338","targetHints":{"allow":["GET"]}}],"collection":[{"href":"https:\/\/frillesasfiber.se\/cms2\/wp-json\/wp\/v2\/posts"}],"about":[{"href":"https:\/\/frillesasfiber.se\/cms2\/wp-json\/wp\/v2\/types\/post"}],"author":[{"embeddable":true,"href":"https:\/\/frillesasfiber.se\/cms2\/wp-json\/wp\/v2\/users\/1"}],"replies":[{"embeddable":true,"href":"https:\/\/frillesasfiber.se\/cms2\/wp-json\/wp\/v2\/comments?post=338"}],"version-history":[{"count":4,"href":"https:\/\/frillesasfiber.se\/cms2\/wp-json\/wp\/v2\/posts\/338\/revisions"}],"predecessor-version":[{"id":353,"href":"https:\/\/frillesasfiber.se\/cms2\/wp-json\/wp\/v2\/posts\/338\/revisions\/353"}],"wp:attachment":[{"href":"https:\/\/frillesasfiber.se\/cms2\/wp-json\/wp\/v2\/media?parent=338"}],"wp:term":[{"taxonomy":"category","embeddable":true,"href":"https:\/\/frillesasfiber.se\/cms2\/wp-json\/wp\/v2\/categories?post=338"},{"taxonomy":"post_tag","embeddable":true,"href":"https:\/\/frillesasfiber.se\/cms2\/wp-json\/wp\/v2\/tags?post=338"}],"curies":[{"name":"wp","href":"https:\/\/api.w.org\/{rel}","templated":true}]}}