{"id":313,"date":"2020-03-10T18:48:42","date_gmt":"2020-03-10T17:48:42","guid":{"rendered":"http:\/\/frillesasfiber.se\/cms2\/?p=313"},"modified":"2020-03-22T18:35:16","modified_gmt":"2020-03-22T17:35:16","slug":"arsmote-1-april-2020","status":"publish","type":"post","link":"https:\/\/frillesasfiber.se\/cms2\/2020\/03\/arsmote-1-april-2020\/","title":{"rendered":"\u00c5rsm\u00f6te 1 april 2020"},"content":{"rendered":"<p><!--StartFragment--><\/p>\n\n\n<p>Uppdatering 2020-03-22: M\u00f6tet \u00e4r flyttat &#8211; inget nytt datum \u00e4r inplanerat f\u00f6r n\u00e4rvarande. Se  <a href=\"http:\/\/frillesasfiber.se\/cms2\/2020\/03\/uppdatering-om-arsmote\/\">http:\/\/frillesasfiber.se\/cms2\/2020\/03\/uppdatering-om-arsmote\/<\/a>.<\/p>\n\n\n\n<p><s>Det \u00e4r dags f\u00f6r \u00e5rsm\u00f6te igen. Vi syns som vanligt i Stuvs bygdeg\u00e5rd, denna g\u00e5ngen onsdag den 1 april. M\u00f6tet b\u00f6rjar 19:00, men vi kommer vara p\u00e5 plats fr\u00e5n 18:00. Vi bjuder som vanligt p\u00e5 kaffe med bullar fr\u00e5n G\u00e5rdsbageriet i Idala.<\/s><\/p>\n\n\n\n<p><s>Det har inte inkommit n\u00e5gra motioner till detta \u00e5ret, men vi kommer behandla de vanliga punkterna som skall behandlas p\u00e5 ett \u00e5rsm\u00f6te. \u00c4r det s\u00e5 att det framkommer n\u00e5got annat under m\u00f6tets g\u00e5ng tar vi g\u00e4rna upp det \u00e4nd\u00e5.<\/s><\/p>\n\n\n\n<p><s>Vi kommer under m\u00f6tet behandla ett f\u00f6rslag till stadge\u00e4ndring f\u00f6r att kunna ge styrelsen st\u00f6rre m\u00f6jligheter att balansera budgeten utan att f\u00e5 stora \u00f6verskott som m\u00e5ste skattas f\u00f6r.<\/s><\/p>\n\n\n\n<p><s>Styrelsen hoppas\u00a0p\u00e5 en trevlig kv\u00e4ll d\u00e4r vi f\u00e5r tr\u00e4ffa er alla, inklusive alla nya medlemmar som har sitt f\u00f6rsta \u00e5rsm\u00f6te med Frilles\u00e5s \u00d6stra Fibern\u00e4t.<\/s><\/p>\n\n\n\n<ul class=\"wp-block-list\"><li><a href=\"http:\/\/frillesasfiber.se\/cms2\/wp-content\/uploads\/2020\/03\/2020-kallelse.pdf\">Kallelse<\/a><\/li><li><a href=\"http:\/\/frillesasfiber.se\/cms2\/wp-content\/uploads\/2020\/03\/2020-verksamhetsberattelse.pdf\">Verksamhetsber\u00e4ttelse<\/a><\/li><li><a href=\"http:\/\/frillesasfiber.se\/cms2\/wp-content\/uploads\/2020\/03\/2020-arsredovisning.pdf\">\u00c5rsredovisning<\/a><\/li><li><a href=\"http:\/\/frillesasfiber.se\/cms2\/wp-content\/uploads\/2020\/03\/2020-driftbudget.pdf\">Driftbudget<\/a> <\/li><li><a href=\"http:\/\/frillesasfiber.se\/cms2\/wp-content\/uploads\/2020\/03\/2020-verksamhetsplan.pdf\">Verksamhetsplan<\/a><\/li><li><a href=\"http:\/\/frillesasfiber.se\/cms2\/wp-content\/uploads\/2020\/03\/2020-stadgeforandring.pdf\">F\u00f6rslag till stadgef\u00f6r\u00e4ndring<\/a><\/li><li><a href=\"http:\/\/frillesasfiber.se\/cms2\/wp-content\/uploads\/2020\/03\/2020-revisionsberattelse.pdf\">Revisionsber\u00e4ttelse<\/a> (tillagd 2020-03-12)<\/li><\/ul>\n\n\n<p><!--EndFragment--><\/p>","protected":false},"excerpt":{"rendered":"<p>Uppdatering 2020-03-22: M\u00f6tet \u00e4r flyttat &#8211; inget nytt datum \u00e4r inplanerat f\u00f6r n\u00e4rvarande. Se http:\/\/frillesasfiber.se\/cms2\/2020\/03\/uppdatering-om-arsmote\/. Det \u00e4r dags f\u00f6r \u00e5rsm\u00f6te igen. Vi syns som vanligt i Stuvs bygdeg\u00e5rd, denna g\u00e5ngen onsdag den 1 april. M\u00f6tet b\u00f6rjar 19:00, men vi kommer vara p\u00e5 plats fr\u00e5n 18:00. Vi bjuder som vanligt p\u00e5 kaffe med bullar fr\u00e5n G\u00e5rdsbageriet &hellip; <a href=\"https:\/\/frillesasfiber.se\/cms2\/2020\/03\/arsmote-1-april-2020\/\" class=\"more-link\">Forts\u00e4tt l\u00e4sa <span class=\"screen-reader-text\">\u00c5rsm\u00f6te 1 april 2020<\/span> <span class=\"meta-nav\">&rarr;<\/span><\/a><\/p>\n","protected":false},"author":1,"featured_media":0,"comment_status":"closed","ping_status":"open","sticky":false,"template":"","format":"standard","meta":{"footnotes":""},"categories":[3],"tags":[],"class_list":["post-313","post","type-post","status-publish","format-standard","hentry","category-medlemsinformation"],"_links":{"self":[{"href":"https:\/\/frillesasfiber.se\/cms2\/wp-json\/wp\/v2\/posts\/313","targetHints":{"allow":["GET"]}}],"collection":[{"href":"https:\/\/frillesasfiber.se\/cms2\/wp-json\/wp\/v2\/posts"}],"about":[{"href":"https:\/\/frillesasfiber.se\/cms2\/wp-json\/wp\/v2\/types\/post"}],"author":[{"embeddable":true,"href":"https:\/\/frillesasfiber.se\/cms2\/wp-json\/wp\/v2\/users\/1"}],"replies":[{"embeddable":true,"href":"https:\/\/frillesasfiber.se\/cms2\/wp-json\/wp\/v2\/comments?post=313"}],"version-history":[{"count":6,"href":"https:\/\/frillesasfiber.se\/cms2\/wp-json\/wp\/v2\/posts\/313\/revisions"}],"predecessor-version":[{"id":332,"href":"https:\/\/frillesasfiber.se\/cms2\/wp-json\/wp\/v2\/posts\/313\/revisions\/332"}],"wp:attachment":[{"href":"https:\/\/frillesasfiber.se\/cms2\/wp-json\/wp\/v2\/media?parent=313"}],"wp:term":[{"taxonomy":"category","embeddable":true,"href":"https:\/\/frillesasfiber.se\/cms2\/wp-json\/wp\/v2\/categories?post=313"},{"taxonomy":"post_tag","embeddable":true,"href":"https:\/\/frillesasfiber.se\/cms2\/wp-json\/wp\/v2\/tags?post=313"}],"curies":[{"name":"wp","href":"https:\/\/api.w.org\/{rel}","templated":true}]}}