{"id":304,"date":"2019-06-10T20:41:48","date_gmt":"2019-06-10T18:41:48","guid":{"rendered":"http:\/\/frillesasfiber.se\/cms2\/?p=304"},"modified":"2019-06-12T18:40:23","modified_gmt":"2019-06-12T16:40:23","slug":"uppdatering-stambyte-utmed-frillesasvagen","status":"publish","type":"post","link":"https:\/\/frillesasfiber.se\/cms2\/2019\/06\/uppdatering-stambyte-utmed-frillesasvagen\/","title":{"rendered":"Uppdatering stambyte utmed Frilles\u00e5sv\u00e4gen"},"content":{"rendered":"\n<p>Rapport m\u00e5ndag 2019-06-10<\/p>\n\n\n\n<p>Stambytet har p\u00e5b\u00f6rjats under dagen med att dra ut befintlig fiber \u00f6sterut fr\u00e5n Nod 2 (vid korsningen Tenesdalsv\u00e4gen\/Frilles\u00e5sv\u00e4gen). <\/p>\n\n\n\n<p>D\u00e5 det har varit lite k\u00e4rvt p\u00e5 vissa st\u00e4llen h koar vi f\u00e5tt koppla in gr\u00e4vare och grava fram fibern, men detta har g\u00e5tt bra. Stora delar av str\u00e4ckan \u00e4r nu bytt.<\/p>\n\n\n\n<p>Under morgondagen hoppas vi att vi kan b\u00f6rja svetsa fiberanslutningarna i noden samt i sk\u00e5pen utmed Frilles\u00e5sv\u00e4gen.<br><\/p>\n\n\n\n<p>Om det inte blir n\u00e5gra st\u00f6rre komplikationer under morgondagen hoppas vi att n\u00e5gra kunder kommer bli \u00e5teranslutna i morgon eftermiddag (tisdag) och resterande kunder f\u00e5r sin anslutning under onsdagen.<\/p>\n\n\n\n<p>Uppdatering tisdag 2019-06-11<\/p>\n\n\n\n<p>Den nya fibern \u00e4r p\u00e5 plats hela str\u00e4ckan och svetsning har skett under eftermiddagen. Hela noden skulle bli f\u00e4rdig vid 18-tiden och skall d\u00e4refter OTDR-m\u00e4tas.<\/p>\n\n\n\n<p>V\u00e5r (och v\u00e5ra leverant\u00f6rers) f\u00f6rhoppning \u00e4r att alla ber\u00f6rda kunder skall kunna bli f\u00e4rdiga under morgondagen.<\/p>\n\n\n\n<p>Uppdatering onsdag 2019-06-12<\/p>\n\n\n\n<p>De allra flesta kunderna \u00e4r uppkopplade igen. Vi har ett f\u00e5tal anslutningar som vi jobbar p\u00e5 att f\u00e5 ig\u00e5ng idag eller imorgon f\u00f6rmiddag. <\/p>\n","protected":false},"excerpt":{"rendered":"<p>Rapport m\u00e5ndag 2019-06-10 Stambytet har p\u00e5b\u00f6rjats under dagen med att dra ut befintlig fiber \u00f6sterut fr\u00e5n Nod 2 (vid korsningen Tenesdalsv\u00e4gen\/Frilles\u00e5sv\u00e4gen). D\u00e5 det har varit lite k\u00e4rvt p\u00e5 vissa st\u00e4llen h koar vi f\u00e5tt koppla in gr\u00e4vare och grava fram fibern, men detta har g\u00e5tt bra. Stora delar av str\u00e4ckan \u00e4r nu bytt. Under morgondagen &hellip; <a href=\"https:\/\/frillesasfiber.se\/cms2\/2019\/06\/uppdatering-stambyte-utmed-frillesasvagen\/\" class=\"more-link\">Forts\u00e4tt l\u00e4sa <span class=\"screen-reader-text\">Uppdatering stambyte utmed Frilles\u00e5sv\u00e4gen<\/span> <span class=\"meta-nav\">&rarr;<\/span><\/a><\/p>\n","protected":false},"author":1,"featured_media":0,"comment_status":"closed","ping_status":"open","sticky":false,"template":"","format":"standard","meta":{"footnotes":""},"categories":[3],"tags":[],"class_list":["post-304","post","type-post","status-publish","format-standard","hentry","category-medlemsinformation"],"_links":{"self":[{"href":"https:\/\/frillesasfiber.se\/cms2\/wp-json\/wp\/v2\/posts\/304","targetHints":{"allow":["GET"]}}],"collection":[{"href":"https:\/\/frillesasfiber.se\/cms2\/wp-json\/wp\/v2\/posts"}],"about":[{"href":"https:\/\/frillesasfiber.se\/cms2\/wp-json\/wp\/v2\/types\/post"}],"author":[{"embeddable":true,"href":"https:\/\/frillesasfiber.se\/cms2\/wp-json\/wp\/v2\/users\/1"}],"replies":[{"embeddable":true,"href":"https:\/\/frillesasfiber.se\/cms2\/wp-json\/wp\/v2\/comments?post=304"}],"version-history":[{"count":3,"href":"https:\/\/frillesasfiber.se\/cms2\/wp-json\/wp\/v2\/posts\/304\/revisions"}],"predecessor-version":[{"id":307,"href":"https:\/\/frillesasfiber.se\/cms2\/wp-json\/wp\/v2\/posts\/304\/revisions\/307"}],"wp:attachment":[{"href":"https:\/\/frillesasfiber.se\/cms2\/wp-json\/wp\/v2\/media?parent=304"}],"wp:term":[{"taxonomy":"category","embeddable":true,"href":"https:\/\/frillesasfiber.se\/cms2\/wp-json\/wp\/v2\/categories?post=304"},{"taxonomy":"post_tag","embeddable":true,"href":"https:\/\/frillesasfiber.se\/cms2\/wp-json\/wp\/v2\/tags?post=304"}],"curies":[{"name":"wp","href":"https:\/\/api.w.org\/{rel}","templated":true}]}}