{"id":298,"date":"2019-05-28T19:12:47","date_gmt":"2019-05-28T17:12:47","guid":{"rendered":"http:\/\/frillesasfiber.se\/cms2\/?p=298"},"modified":"2019-05-28T19:12:47","modified_gmt":"2019-05-28T17:12:47","slug":"telias-tv-avtal","status":"publish","type":"post","link":"https:\/\/frillesasfiber.se\/cms2\/2019\/05\/telias-tv-avtal\/","title":{"rendered":"Telias TV-avtal"},"content":{"rendered":"\n<p>Det verkar som om Telia \u00e5terigen inte kommer \u00f6verens med en leverant\u00f6r av tv-kanaler, och vi riskerar att bli av med n\u00e5gra kanaler 1 juli.<\/p>\n\n\n\n<p>Vi har kanalpaket Lagom i v\u00e5rt fiberabonnemang.<\/p>\n\n\n\n<p>Mer information finns p\u00e5 Telias hemsida:<\/p>\n\n\n\n<p><a href=\"https:\/\/www.telia.se\/privat\/tv\/edr\/forandring-tv-tjanst;\">https:\/\/www.telia.se\/privat\/tv\/edr\/forandring-tv-tjanst;<\/a><\/p>\n","protected":false},"excerpt":{"rendered":"<p>Det verkar som om Telia \u00e5terigen inte kommer \u00f6verens med en leverant\u00f6r av tv-kanaler, och vi riskerar att bli av med n\u00e5gra kanaler 1 juli. Vi har kanalpaket Lagom i v\u00e5rt fiberabonnemang. Mer information finns p\u00e5 Telias hemsida: https:\/\/www.telia.se\/privat\/tv\/edr\/forandring-tv-tjanst;<\/p>\n","protected":false},"author":1,"featured_media":0,"comment_status":"closed","ping_status":"open","sticky":false,"template":"","format":"standard","meta":{"footnotes":""},"categories":[3],"tags":[],"class_list":["post-298","post","type-post","status-publish","format-standard","hentry","category-medlemsinformation"],"_links":{"self":[{"href":"https:\/\/frillesasfiber.se\/cms2\/wp-json\/wp\/v2\/posts\/298","targetHints":{"allow":["GET"]}}],"collection":[{"href":"https:\/\/frillesasfiber.se\/cms2\/wp-json\/wp\/v2\/posts"}],"about":[{"href":"https:\/\/frillesasfiber.se\/cms2\/wp-json\/wp\/v2\/types\/post"}],"author":[{"embeddable":true,"href":"https:\/\/frillesasfiber.se\/cms2\/wp-json\/wp\/v2\/users\/1"}],"replies":[{"embeddable":true,"href":"https:\/\/frillesasfiber.se\/cms2\/wp-json\/wp\/v2\/comments?post=298"}],"version-history":[{"count":1,"href":"https:\/\/frillesasfiber.se\/cms2\/wp-json\/wp\/v2\/posts\/298\/revisions"}],"predecessor-version":[{"id":299,"href":"https:\/\/frillesasfiber.se\/cms2\/wp-json\/wp\/v2\/posts\/298\/revisions\/299"}],"wp:attachment":[{"href":"https:\/\/frillesasfiber.se\/cms2\/wp-json\/wp\/v2\/media?parent=298"}],"wp:term":[{"taxonomy":"category","embeddable":true,"href":"https:\/\/frillesasfiber.se\/cms2\/wp-json\/wp\/v2\/categories?post=298"},{"taxonomy":"post_tag","embeddable":true,"href":"https:\/\/frillesasfiber.se\/cms2\/wp-json\/wp\/v2\/tags?post=298"}],"curies":[{"name":"wp","href":"https:\/\/api.w.org\/{rel}","templated":true}]}}