{"id":293,"date":"2019-05-20T23:42:27","date_gmt":"2019-05-20T21:42:27","guid":{"rendered":"http:\/\/frillesasfiber.se\/cms2\/?p=293"},"modified":"2019-05-20T23:42:27","modified_gmt":"2019-05-20T21:42:27","slug":"planerat-avbrott-i-fibernatet-v-24","status":"publish","type":"post","link":"https:\/\/frillesasfiber.se\/cms2\/2019\/05\/planerat-avbrott-i-fibernatet-v-24\/","title":{"rendered":"PLANERAT AVBROTT I FIBERN\u00c4TET V 24"},"content":{"rendered":"\n<p>V\u00e5rt fibern\u00e4t har n\u00e5tt taket i anslutningsm\u00f6jligheter i den sydv\u00e4stra delen av omr\u00e5det. Under vecka 24 med start m\u00e5ndag 10 juni st\u00e4ngs fibern\u00e4tet under minst 2 dagar.<\/p>\n\n\n\n<p>Ber\u00f6rda omr\u00e5den \u00e4r: <\/p>\n\n\n\n<p>Frilles\u00e5sv\u00e4gen 254 till och med 439. <\/p>\n\n\n\n<p>Fringshultsv\u00e4gen, hela v\u00e4gen. <\/p>\n\n\n\n<p>Horsadalsv\u00e4gen, hela v\u00e4gen. <\/p>\n\n\n\n<p>F\u00e5glakullev\u00e4gen, hela v\u00e4gen. <\/p>\n\n\n\n<p>Einars v\u00e4g, hela v\u00e4gen. <\/p>\n\n\n\n<p>Rull Anders v\u00e4g, hela v\u00e4gen. <\/p>\n\n\n\n<p>Lillestocksv\u00e4gen, hela v\u00e4gen. <\/p>\n\n\n\n<p>S\u00e5 snart vi bl\u00e5st om fiberledningen p\u00e5b\u00f6rjas svetsning av varje kundanslutning och efterhand kommer ni att kunna ansluta er igen. Vi kan inte i f\u00f6rv\u00e4g s\u00e4ga vilka omr\u00e5den som ansluts f\u00f6rst, ni f\u00e5r testa om anslutningen \u00e4r klar. Fortl\u00f6pande information kommer att finnas p\u00e5 frillesasfiber.se och p\u00e5 Facebook. F\u00f6reningen v\u00e4xer och det \u00e4r f\u00f6r att kunna ansluta nya fastigheter som f\u00f6rst\u00e4rkningen g\u00f6rs. Fr\u00e5n och med juni \u00e4r vi 421st som anv\u00e4nder Telia\u2019s tj\u00e4nster i v\u00e5r f\u00f6rening <\/p>\n","protected":false},"excerpt":{"rendered":"<p>V\u00e5rt fibern\u00e4t har n\u00e5tt taket i anslutningsm\u00f6jligheter i den sydv\u00e4stra delen av omr\u00e5det. Under vecka 24 med start m\u00e5ndag 10 juni st\u00e4ngs fibern\u00e4tet under minst 2 dagar. Ber\u00f6rda omr\u00e5den \u00e4r: Frilles\u00e5sv\u00e4gen 254 till och med 439. Fringshultsv\u00e4gen, hela v\u00e4gen. Horsadalsv\u00e4gen, hela v\u00e4gen. F\u00e5glakullev\u00e4gen, hela v\u00e4gen. Einars v\u00e4g, hela v\u00e4gen. Rull Anders v\u00e4g, hela v\u00e4gen. Lillestocksv\u00e4gen, &hellip; <a href=\"https:\/\/frillesasfiber.se\/cms2\/2019\/05\/planerat-avbrott-i-fibernatet-v-24\/\" class=\"more-link\">Forts\u00e4tt l\u00e4sa <span class=\"screen-reader-text\">PLANERAT AVBROTT I FIBERN\u00c4TET V 24<\/span> <span class=\"meta-nav\">&rarr;<\/span><\/a><\/p>\n","protected":false},"author":1,"featured_media":0,"comment_status":"closed","ping_status":"open","sticky":false,"template":"","format":"standard","meta":{"footnotes":""},"categories":[3],"tags":[],"class_list":["post-293","post","type-post","status-publish","format-standard","hentry","category-medlemsinformation"],"_links":{"self":[{"href":"https:\/\/frillesasfiber.se\/cms2\/wp-json\/wp\/v2\/posts\/293","targetHints":{"allow":["GET"]}}],"collection":[{"href":"https:\/\/frillesasfiber.se\/cms2\/wp-json\/wp\/v2\/posts"}],"about":[{"href":"https:\/\/frillesasfiber.se\/cms2\/wp-json\/wp\/v2\/types\/post"}],"author":[{"embeddable":true,"href":"https:\/\/frillesasfiber.se\/cms2\/wp-json\/wp\/v2\/users\/1"}],"replies":[{"embeddable":true,"href":"https:\/\/frillesasfiber.se\/cms2\/wp-json\/wp\/v2\/comments?post=293"}],"version-history":[{"count":1,"href":"https:\/\/frillesasfiber.se\/cms2\/wp-json\/wp\/v2\/posts\/293\/revisions"}],"predecessor-version":[{"id":294,"href":"https:\/\/frillesasfiber.se\/cms2\/wp-json\/wp\/v2\/posts\/293\/revisions\/294"}],"wp:attachment":[{"href":"https:\/\/frillesasfiber.se\/cms2\/wp-json\/wp\/v2\/media?parent=293"}],"wp:term":[{"taxonomy":"category","embeddable":true,"href":"https:\/\/frillesasfiber.se\/cms2\/wp-json\/wp\/v2\/categories?post=293"},{"taxonomy":"post_tag","embeddable":true,"href":"https:\/\/frillesasfiber.se\/cms2\/wp-json\/wp\/v2\/tags?post=293"}],"curies":[{"name":"wp","href":"https:\/\/api.w.org\/{rel}","templated":true}]}}