{"id":18,"date":"2014-06-07T09:20:48","date_gmt":"2014-06-07T09:20:48","guid":{"rendered":"http:\/\/frillesasfiber.se\/cms2\/?p=18"},"modified":"2014-08-27T13:41:49","modified_gmt":"2014-08-27T11:41:49","slug":"arsmote-2014","status":"publish","type":"post","link":"https:\/\/frillesasfiber.se\/cms2\/2014\/06\/arsmote-2014\/","title":{"rendered":"\u00c5rsm\u00f6te 2014"},"content":{"rendered":"<p>\u00c5rsm\u00f6tet i b\u00f6rjan av april l\u00f6pte enligt planerna.<\/p>\n<p>Vid \u00e5rsm\u00f6tet fick vi delvis en\u00a0ny styrelse, och styrelsen best\u00e5r f\u00f6r n\u00e4rvarande av:<\/p>\n<ul>\n<li>Fredrik Blom (ordf\u00f6rande)<\/li>\n<li>G\u00f6ran Somler (kass\u00f6r)<\/li>\n<li>Jen Jansdotter<\/li>\n<li>Sven-Olof Ekblad<\/li>\n<li>Fredrik Johansson<\/li>\n<\/ul>\n<p>P\u00e5 m\u00f6tet togs ocks\u00e5 ett f\u00f6rsta beslut om en stadge\u00e4ndring som g\u00e4ller hur kallelser skickas ut till medlemmar, vilket i praktiken enbart betyder en \u00e4ndring till s\u00e5 som vi f\u00f6r n\u00e4rvarande kallar till m\u00f6ten (via SMS eller brev f\u00f6r de som s\u00e5 \u00f6nskar).<br \/>\nDenna \u00e4ndring vinner laga kraft f\u00f6rst efter n\u00e4sta \u00e5rsm\u00f6te och den blir godk\u00e4nd \u00e4ven d\u00e5.<\/p>\n<p>Nuvarande stadgepunkt:<\/p>\n<p><strong>\u00a7 18 KALLELSE OCH ANDRA MEDDELANDEN<\/strong><\/p>\n<p>Kallelse till f\u00f6reningsst\u00e4mma sker skriftligen via e-post eller brev. Kallelse ska ske\u00a0tidigast fyra veckor f\u00f6re f\u00f6reningsst\u00e4mman och senast tv\u00e5 veckor f\u00f6re ordinarie\u00a0f\u00f6reningsst\u00e4mma samt senast en vecka f\u00f6re extra f\u00f6reningsst\u00e4mma. D\u00e5 kallelse g\u00e5tt\u00a0ut till f\u00f6reningsst\u00e4mman ska styrelsen omedelbart underr\u00e4tta revisorerna om detta\u00a0genom brev. Andra meddelanden fr\u00e5n styrelsen \u00a0distribueras med e-post. <del>I den m\u00e5n\u00a0enskild medlem inte kan n\u00e5s via e-post kan ordinarie postg\u00e5ng anv\u00e4ndas.<\/del><\/p>\n<p>F\u00f6reslagen stadgepunkt:<\/p>\n<p><strong>\u00a7 18 KALLELSE OCH ANDRA MEDDELANDEN<\/strong><\/p>\n<p>Kallelse till f\u00f6reningsst\u00e4mma sker skriftligen via e-post, brev, <em>eller annat kommunikationss\u00e4tt som medlemmen godk\u00e4nt<\/em>. Kallelse ska ske\u00a0tidigast fyra veckor f\u00f6re f\u00f6reningsst\u00e4mman och senast tv\u00e5 veckor f\u00f6re ordinarie\u00a0f\u00f6reningsst\u00e4mma samt senast en vecka f\u00f6re extra f\u00f6reningsst\u00e4mma. D\u00e5 kallelse g\u00e5tt\u00a0ut till f\u00f6reningsst\u00e4mman ska styrelsen omedelbart underr\u00e4tta revisorerna om detta\u00a0genom brev. Andra meddelanden fr\u00e5n styrelsen distribueras med e-post, <em>brev\u00a0 eller annat kommunikationss\u00e4tt som medlemmen godk\u00e4nt.<\/em><\/p>\n","protected":false},"excerpt":{"rendered":"<p>\u00c5rsm\u00f6tet i b\u00f6rjan av april l\u00f6pte enligt planerna. Vid \u00e5rsm\u00f6tet fick vi delvis en\u00a0ny styrelse, och styrelsen best\u00e5r f\u00f6r n\u00e4rvarande av: Fredrik Blom (ordf\u00f6rande) G\u00f6ran Somler (kass\u00f6r) Jen Jansdotter Sven-Olof Ekblad Fredrik Johansson P\u00e5 m\u00f6tet togs ocks\u00e5 ett f\u00f6rsta beslut om en stadge\u00e4ndring som g\u00e4ller hur kallelser skickas ut till medlemmar, vilket i praktiken enbart &hellip; <a href=\"https:\/\/frillesasfiber.se\/cms2\/2014\/06\/arsmote-2014\/\" class=\"more-link\">Forts\u00e4tt l\u00e4sa <span class=\"screen-reader-text\">\u00c5rsm\u00f6te 2014<\/span> <span class=\"meta-nav\">&rarr;<\/span><\/a><\/p>\n","protected":false},"author":1,"featured_media":0,"comment_status":"closed","ping_status":"closed","sticky":false,"template":"","format":"standard","meta":{"footnotes":""},"categories":[3],"tags":[],"class_list":["post-18","post","type-post","status-publish","format-standard","hentry","category-medlemsinformation"],"_links":{"self":[{"href":"https:\/\/frillesasfiber.se\/cms2\/wp-json\/wp\/v2\/posts\/18","targetHints":{"allow":["GET"]}}],"collection":[{"href":"https:\/\/frillesasfiber.se\/cms2\/wp-json\/wp\/v2\/posts"}],"about":[{"href":"https:\/\/frillesasfiber.se\/cms2\/wp-json\/wp\/v2\/types\/post"}],"author":[{"embeddable":true,"href":"https:\/\/frillesasfiber.se\/cms2\/wp-json\/wp\/v2\/users\/1"}],"replies":[{"embeddable":true,"href":"https:\/\/frillesasfiber.se\/cms2\/wp-json\/wp\/v2\/comments?post=18"}],"version-history":[{"count":3,"href":"https:\/\/frillesasfiber.se\/cms2\/wp-json\/wp\/v2\/posts\/18\/revisions"}],"predecessor-version":[{"id":49,"href":"https:\/\/frillesasfiber.se\/cms2\/wp-json\/wp\/v2\/posts\/18\/revisions\/49"}],"wp:attachment":[{"href":"https:\/\/frillesasfiber.se\/cms2\/wp-json\/wp\/v2\/media?parent=18"}],"wp:term":[{"taxonomy":"category","embeddable":true,"href":"https:\/\/frillesasfiber.se\/cms2\/wp-json\/wp\/v2\/categories?post=18"},{"taxonomy":"post_tag","embeddable":true,"href":"https:\/\/frillesasfiber.se\/cms2\/wp-json\/wp\/v2\/tags?post=18"}],"curies":[{"name":"wp","href":"https:\/\/api.w.org\/{rel}","templated":true}]}}