{"id":111,"date":"2016-03-21T17:26:02","date_gmt":"2016-03-21T16:26:02","guid":{"rendered":"http:\/\/frillesasfiber.se\/cms2\/?p=111"},"modified":"2016-04-11T14:56:16","modified_gmt":"2016-04-11T12:56:16","slug":"arsmote-13-april-i-stuv","status":"publish","type":"post","link":"https:\/\/frillesasfiber.se\/cms2\/2016\/03\/arsmote-13-april-i-stuv\/","title":{"rendered":"\u00c5rsm\u00f6te 13 april i Stuv"},"content":{"rendered":"<p>Det \u00e4r dags f\u00f6r \u00e5rsm\u00f6te igen. Vi syns som vanligt i Stuvs bygdeg\u00e5rd, denna g\u00e5ngen onsdag den 13 april. M\u00f6tet b\u00f6rjar 19:00, men vi kommer vara p\u00e5 plats fr\u00e5n 18:00. Vi bjuder som vanligt p\u00e5 kaffe med bullar fr\u00e5n G\u00e5rdsbageriet i Idala.<\/p>\n<p>Vi kommer bland annat ta upp omf\u00f6rhandling av Telia-avtal, s\u00e5 har ni synpunkter p\u00e5 hur vi skall har det de n\u00e4rmsta \u00e5ren hoppas vi att ni dyker upp och f\u00f6rmedlar era tankar.<\/p>\n<p>Styrelsen hoppas\u00a0p\u00e5 en trevlig kv\u00e4ll d\u00e4r vi f\u00e5r tr\u00e4ffa er alla.<\/p>\n<ul>\n<li><a href=\"http:\/\/frillesasfiber.se\/cms2\/wp-content\/uploads\/2016\/03\/2016-04kallelse.pdf\">Kallelse<\/a><\/li>\n<li><a href=\"http:\/\/frillesasfiber.se\/cms2\/wp-content\/uploads\/2016\/03\/valberedningsforslag2016-2017.pdf\">Valberednings f\u00f6rslag till styrelse samt revisorer<\/a><\/li>\n<li><a href=\"http:\/\/frillesasfiber.se\/cms2\/wp-content\/uploads\/2016\/03\/verksamhetsberattelse2015-2016.pdf\">Verksamhetsber\u00e4ttelse<\/a><\/li>\n<li><a href=\"http:\/\/frillesasfiber.se\/cms2\/wp-content\/uploads\/2016\/03\/verksamhetsplan2016-2017.pdf\">Verksamhetsplan<\/a><\/li>\n<li><a href=\"http:\/\/frillesasfiber.se\/cms2\/wp-content\/uploads\/2016\/03\/arsredovisning.pdf\">\u00c5rsredovisning<\/a><\/li>\n<\/ul>\n","protected":false},"excerpt":{"rendered":"<p>Det \u00e4r dags f\u00f6r \u00e5rsm\u00f6te igen. Vi syns som vanligt i Stuvs bygdeg\u00e5rd, denna g\u00e5ngen onsdag den 13 april. M\u00f6tet b\u00f6rjar 19:00, men vi kommer vara p\u00e5 plats fr\u00e5n 18:00. Vi bjuder som vanligt p\u00e5 kaffe med bullar fr\u00e5n G\u00e5rdsbageriet i Idala. Vi kommer bland annat ta upp omf\u00f6rhandling av Telia-avtal, s\u00e5 har ni synpunkter &hellip; <a href=\"https:\/\/frillesasfiber.se\/cms2\/2016\/03\/arsmote-13-april-i-stuv\/\" class=\"more-link\">Forts\u00e4tt l\u00e4sa <span class=\"screen-reader-text\">\u00c5rsm\u00f6te 13 april i Stuv<\/span> <span class=\"meta-nav\">&rarr;<\/span><\/a><\/p>\n","protected":false},"author":1,"featured_media":0,"comment_status":"closed","ping_status":"closed","sticky":false,"template":"","format":"standard","meta":{"footnotes":""},"categories":[3],"tags":[],"class_list":["post-111","post","type-post","status-publish","format-standard","hentry","category-medlemsinformation"],"_links":{"self":[{"href":"https:\/\/frillesasfiber.se\/cms2\/wp-json\/wp\/v2\/posts\/111","targetHints":{"allow":["GET"]}}],"collection":[{"href":"https:\/\/frillesasfiber.se\/cms2\/wp-json\/wp\/v2\/posts"}],"about":[{"href":"https:\/\/frillesasfiber.se\/cms2\/wp-json\/wp\/v2\/types\/post"}],"author":[{"embeddable":true,"href":"https:\/\/frillesasfiber.se\/cms2\/wp-json\/wp\/v2\/users\/1"}],"replies":[{"embeddable":true,"href":"https:\/\/frillesasfiber.se\/cms2\/wp-json\/wp\/v2\/comments?post=111"}],"version-history":[{"count":8,"href":"https:\/\/frillesasfiber.se\/cms2\/wp-json\/wp\/v2\/posts\/111\/revisions"}],"predecessor-version":[{"id":131,"href":"https:\/\/frillesasfiber.se\/cms2\/wp-json\/wp\/v2\/posts\/111\/revisions\/131"}],"wp:attachment":[{"href":"https:\/\/frillesasfiber.se\/cms2\/wp-json\/wp\/v2\/media?parent=111"}],"wp:term":[{"taxonomy":"category","embeddable":true,"href":"https:\/\/frillesasfiber.se\/cms2\/wp-json\/wp\/v2\/categories?post=111"},{"taxonomy":"post_tag","embeddable":true,"href":"https:\/\/frillesasfiber.se\/cms2\/wp-json\/wp\/v2\/tags?post=111"}],"curies":[{"name":"wp","href":"https:\/\/api.w.org\/{rel}","templated":true}]}}